{"id":15154,"date":"2025-11-28T16:04:20","date_gmt":"2025-11-28T16:04:20","guid":{"rendered":"https:\/\/loulecriativo.pt\/2025\/11\/28\/christmas-bazaar-returns-to-gama-lobo-palace\/"},"modified":"2025-12-29T11:19:58","modified_gmt":"2025-12-29T11:19:58","slug":"christmas-bazaar-returns-to-gama-lobo-palace","status":"publish","type":"post","link":"https:\/\/loulecriativo.pt\/en\/2025\/11\/28\/christmas-bazaar-returns-to-gama-lobo-palace\/","title":{"rendered":"Christmas Bazaar returns to Gama Lobo Palace"},"content":{"rendered":"\t\t<div data-elementor-type=\"wp-post\" data-elementor-id=\"15154\" class=\"elementor elementor-15154 elementor-13616\" data-elementor-post-type=\"post\">\n\t\t\t\t<div class=\"elementor-element elementor-element-3e5e6be0 e-con-full e-flex e-con e-parent\" data-id=\"3e5e6be0\" data-element_type=\"container\" data-settings=\"{&quot;jet_parallax_layout_list&quot;:[]}\">\n\t\t\t\t<div class=\"elementor-element elementor-element-1ca6b363 elementor-widget elementor-widget-text-editor\" data-id=\"1ca6b363\" data-element_type=\"widget\" data-widget_type=\"text-editor.default\">\n\t\t\t\t<div class=\"elementor-widget-container\">\n\t\t\t\t\t\t\t\t\t<h2 class=\"wp-block-heading\">About 30 artisans and designers from the Loul\u00e9 Criativo network participate in this edition.<\/h2><p>The <strong>Loul\u00e9 Criativo Christmas Bazaar<\/strong> returns to Pal\u00e1cio Gama Lobo, in Loul\u00e9, between <strong>December 6th and 23rd,<\/strong> consolidating itself as a sales space dedicated to the Christmas season, where the public can find gifts produced by hand by local creators.<\/p><p>About 30 artisans and designers from the Loul\u00e9 Criativo network participate in this edition, presenting a selection of handmade pieces, which highlight traditional techniques with contemporary approaches. Among the items available are weaving, jewellery, ceramics, bookbinding, copper and wood pieces, esparto and palm empreita, clothing and accessories, among other works that reflect the identity and quality of local creation. <\/p><p>The Bazaar is an opportunity to get to know the work of the municipality&#8217;s creative community and to purchase unique Christmas gifts, valued for their authenticity, proximity to artisanal processes and connection to the territory.<\/p><blockquote class=\"wp-block-quote\"><p>The event takes place from Monday to Saturday, from 10:00 am to 6:00 pm, at Pal\u00e1cio Gama Lobo, in Loul\u00e9.<\/p><\/blockquote><figure class=\"wp-block-image size-full\"><img fetchpriority=\"high\" decoding=\"async\" class=\"alignnone wp-image-14402\" src=\"https:\/\/loulecriativo.pt\/wp-content\/uploads\/2025\/12\/b8d1f1e3-bf60-489d-a825-b75b82984215-768x1024.jpg\" alt=\"\" width=\"600\" height=\"800\" srcset=\"https:\/\/loulecriativo.pt\/wp-content\/uploads\/2025\/12\/b8d1f1e3-bf60-489d-a825-b75b82984215-768x1024.jpg 768w, https:\/\/loulecriativo.pt\/wp-content\/uploads\/2025\/12\/b8d1f1e3-bf60-489d-a825-b75b82984215-225x300.jpg 225w, https:\/\/loulecriativo.pt\/wp-content\/uploads\/2025\/12\/b8d1f1e3-bf60-489d-a825-b75b82984215-1152x1536.jpg 1152w, https:\/\/loulecriativo.pt\/wp-content\/uploads\/2025\/12\/b8d1f1e3-bf60-489d-a825-b75b82984215.jpg 1200w\" sizes=\"(max-width: 600px) 100vw, 600px\" \/><\/figure><h2 class=\"wp-block-heading\"> <\/h2>\t\t\t\t\t\t\t\t<\/div>\n\t\t\t\t<\/div>\n\t\t\t\t<\/div>\n\t\t\t\t<\/div>\n\t\t","protected":false},"excerpt":{"rendered":"<p>About 30 artisans and designers from the Loul\u00e9 Criativo network participate in this edition. The Loul\u00e9 Criativo Christmas Bazaar returns to Pal\u00e1cio Gama Lobo, in Loul\u00e9, between December 6th and 23rd, consolidating itself as a sales space dedicated to the Christmas season, where the public can find gifts produced by hand by local creators. About [&hellip;]<\/p>\n","protected":false},"author":5,"featured_media":14403,"comment_status":"closed","ping_status":"closed","sticky":false,"template":"","format":"standard","meta":{"_acf_changed":false,"footnotes":""},"class_list":["post-15154","post","type-post","status-publish","format-standard","has-post-thumbnail","hentry"],"acf":[],"yoast_head":"<!-- This site is optimized with the Yoast SEO Premium plugin v25.9 (Yoast SEO v26.5) - https:\/\/yoast.com\/wordpress\/plugins\/seo\/ -->\n<title>Christmas Bazaar returns to Gama Lobo Palace - Loul\u00e9 Criativo<\/title>\n<meta name=\"robots\" content=\"index, follow, max-snippet:-1, max-image-preview:large, max-video-preview:-1\" \/>\n<link rel=\"canonical\" href=\"https:\/\/loulecriativo.pt\/en\/2025\/11\/28\/christmas-bazaar-returns-to-gama-lobo-palace\/\" \/>\n<meta property=\"og:locale\" content=\"en_US\" \/>\n<meta property=\"og:type\" content=\"article\" \/>\n<meta property=\"og:title\" content=\"Christmas Bazaar returns to Gama Lobo Palace\" \/>\n<meta property=\"og:description\" content=\"About 30 artisans and designers from the Loul\u00e9 Criativo network participate in this edition. The Loul\u00e9 Criativo Christmas Bazaar returns to Pal\u00e1cio Gama Lobo, in Loul\u00e9, between December 6th and 23rd, consolidating itself as a sales space dedicated to the Christmas season, where the public can find gifts produced by hand by local creators. About [&hellip;]\" \/>\n<meta property=\"og:url\" content=\"https:\/\/loulecriativo.pt\/en\/2025\/11\/28\/christmas-bazaar-returns-to-gama-lobo-palace\/\" \/>\n<meta property=\"og:site_name\" content=\"Loul\u00e9 Criativo\" \/>\n<meta property=\"article:published_time\" content=\"2025-11-28T16:04:20+00:00\" \/>\n<meta property=\"article:modified_time\" content=\"2025-12-29T11:19:58+00:00\" \/>\n<meta property=\"og:image\" content=\"https:\/\/loulecriativo.pt\/wp-content\/uploads\/2025\/12\/b8d1f1e3-bf60-489d-a825-b75b82984215.jpg\" \/>\n\t<meta property=\"og:image:width\" content=\"1200\" \/>\n\t<meta property=\"og:image:height\" content=\"1600\" \/>\n\t<meta property=\"og:image:type\" content=\"image\/jpeg\" \/>\n<meta name=\"author\" content=\"Marta Caetano Loul\u00e9 Criativo\" \/>\n<meta name=\"twitter:card\" content=\"summary_large_image\" \/>\n<meta name=\"twitter:label1\" content=\"Written by\" \/>\n\t<meta name=\"twitter:data1\" content=\"Marta Caetano Loul\u00e9 Criativo\" \/>\n\t<meta name=\"twitter:label2\" content=\"Est. reading time\" \/>\n\t<meta name=\"twitter:data2\" content=\"1 minute\" \/>\n<script type=\"application\/ld+json\" class=\"yoast-schema-graph\">{\"@context\":\"https:\/\/schema.org\",\"@graph\":[{\"@type\":\"WebPage\",\"@id\":\"https:\/\/loulecriativo.pt\/en\/2025\/11\/28\/christmas-bazaar-returns-to-gama-lobo-palace\/\",\"url\":\"https:\/\/loulecriativo.pt\/en\/2025\/11\/28\/christmas-bazaar-returns-to-gama-lobo-palace\/\",\"name\":\"Christmas Bazaar returns to Gama Lobo Palace - Loul\u00e9 Criativo\",\"isPartOf\":{\"@id\":\"https:\/\/loulecriativo.pt\/en\/#website\"},\"primaryImageOfPage\":{\"@id\":\"https:\/\/loulecriativo.pt\/en\/2025\/11\/28\/christmas-bazaar-returns-to-gama-lobo-palace\/#primaryimage\"},\"image\":{\"@id\":\"https:\/\/loulecriativo.pt\/en\/2025\/11\/28\/christmas-bazaar-returns-to-gama-lobo-palace\/#primaryimage\"},\"thumbnailUrl\":\"https:\/\/loulecriativo.pt\/wp-content\/uploads\/2025\/12\/b8d1f1e3-bf60-489d-a825-b75b82984215.jpg\",\"datePublished\":\"2025-11-28T16:04:20+00:00\",\"dateModified\":\"2025-12-29T11:19:58+00:00\",\"author\":{\"@id\":\"https:\/\/loulecriativo.pt\/en\/#\/schema\/person\/0764fae681d57993104d3989f3fcc148\"},\"breadcrumb\":{\"@id\":\"https:\/\/loulecriativo.pt\/en\/2025\/11\/28\/christmas-bazaar-returns-to-gama-lobo-palace\/#breadcrumb\"},\"inLanguage\":\"en-US\",\"potentialAction\":[{\"@type\":\"ReadAction\",\"target\":[\"https:\/\/loulecriativo.pt\/en\/2025\/11\/28\/christmas-bazaar-returns-to-gama-lobo-palace\/\"]}]},{\"@type\":\"ImageObject\",\"inLanguage\":\"en-US\",\"@id\":\"https:\/\/loulecriativo.pt\/en\/2025\/11\/28\/christmas-bazaar-returns-to-gama-lobo-palace\/#primaryimage\",\"url\":\"https:\/\/loulecriativo.pt\/wp-content\/uploads\/2025\/12\/b8d1f1e3-bf60-489d-a825-b75b82984215.jpg\",\"contentUrl\":\"https:\/\/loulecriativo.pt\/wp-content\/uploads\/2025\/12\/b8d1f1e3-bf60-489d-a825-b75b82984215.jpg\",\"width\":1200,\"height\":1600},{\"@type\":\"BreadcrumbList\",\"@id\":\"https:\/\/loulecriativo.pt\/en\/2025\/11\/28\/christmas-bazaar-returns-to-gama-lobo-palace\/#breadcrumb\",\"itemListElement\":[{\"@type\":\"ListItem\",\"position\":1,\"name\":\"Home\",\"item\":\"https:\/\/loulecriativo.pt\/en\/\"},{\"@type\":\"ListItem\",\"position\":2,\"name\":\"Christmas Bazaar returns to Gama Lobo Palace\"}]},{\"@type\":\"WebSite\",\"@id\":\"https:\/\/loulecriativo.pt\/en\/#website\",\"url\":\"https:\/\/loulecriativo.pt\/en\/\",\"name\":\"Loul\u00e9 Criativo\",\"description\":\"\",\"potentialAction\":[{\"@type\":\"SearchAction\",\"target\":{\"@type\":\"EntryPoint\",\"urlTemplate\":\"https:\/\/loulecriativo.pt\/en\/?s={search_term_string}\"},\"query-input\":{\"@type\":\"PropertyValueSpecification\",\"valueRequired\":true,\"valueName\":\"search_term_string\"}}],\"inLanguage\":\"en-US\"},{\"@type\":\"Person\",\"@id\":\"https:\/\/loulecriativo.pt\/en\/#\/schema\/person\/0764fae681d57993104d3989f3fcc148\",\"name\":\"Marta Caetano Loul\u00e9 Criativo\",\"url\":\"https:\/\/loulecriativo.pt\/en\/author\/lc_martac\/\"}]}<\/script>\n<!-- \/ Yoast SEO Premium plugin. -->","yoast_head_json":{"title":"Christmas Bazaar returns to Gama Lobo Palace - Loul\u00e9 Criativo","robots":{"index":"index","follow":"follow","max-snippet":"max-snippet:-1","max-image-preview":"max-image-preview:large","max-video-preview":"max-video-preview:-1"},"canonical":"https:\/\/loulecriativo.pt\/en\/2025\/11\/28\/christmas-bazaar-returns-to-gama-lobo-palace\/","og_locale":"en_US","og_type":"article","og_title":"Christmas Bazaar returns to Gama Lobo Palace","og_description":"About 30 artisans and designers from the Loul\u00e9 Criativo network participate in this edition. The Loul\u00e9 Criativo Christmas Bazaar returns to Pal\u00e1cio Gama Lobo, in Loul\u00e9, between December 6th and 23rd, consolidating itself as a sales space dedicated to the Christmas season, where the public can find gifts produced by hand by local creators. About [&hellip;]","og_url":"https:\/\/loulecriativo.pt\/en\/2025\/11\/28\/christmas-bazaar-returns-to-gama-lobo-palace\/","og_site_name":"Loul\u00e9 Criativo","article_published_time":"2025-11-28T16:04:20+00:00","article_modified_time":"2025-12-29T11:19:58+00:00","og_image":[{"width":1200,"height":1600,"url":"https:\/\/loulecriativo.pt\/wp-content\/uploads\/2025\/12\/b8d1f1e3-bf60-489d-a825-b75b82984215.jpg","type":"image\/jpeg"}],"author":"Marta Caetano Loul\u00e9 Criativo","twitter_card":"summary_large_image","twitter_misc":{"Written by":"Marta Caetano Loul\u00e9 Criativo","Est. reading time":"1 minute"},"schema":{"@context":"https:\/\/schema.org","@graph":[{"@type":"WebPage","@id":"https:\/\/loulecriativo.pt\/en\/2025\/11\/28\/christmas-bazaar-returns-to-gama-lobo-palace\/","url":"https:\/\/loulecriativo.pt\/en\/2025\/11\/28\/christmas-bazaar-returns-to-gama-lobo-palace\/","name":"Christmas Bazaar returns to Gama Lobo Palace - Loul\u00e9 Criativo","isPartOf":{"@id":"https:\/\/loulecriativo.pt\/en\/#website"},"primaryImageOfPage":{"@id":"https:\/\/loulecriativo.pt\/en\/2025\/11\/28\/christmas-bazaar-returns-to-gama-lobo-palace\/#primaryimage"},"image":{"@id":"https:\/\/loulecriativo.pt\/en\/2025\/11\/28\/christmas-bazaar-returns-to-gama-lobo-palace\/#primaryimage"},"thumbnailUrl":"https:\/\/loulecriativo.pt\/wp-content\/uploads\/2025\/12\/b8d1f1e3-bf60-489d-a825-b75b82984215.jpg","datePublished":"2025-11-28T16:04:20+00:00","dateModified":"2025-12-29T11:19:58+00:00","author":{"@id":"https:\/\/loulecriativo.pt\/en\/#\/schema\/person\/0764fae681d57993104d3989f3fcc148"},"breadcrumb":{"@id":"https:\/\/loulecriativo.pt\/en\/2025\/11\/28\/christmas-bazaar-returns-to-gama-lobo-palace\/#breadcrumb"},"inLanguage":"en-US","potentialAction":[{"@type":"ReadAction","target":["https:\/\/loulecriativo.pt\/en\/2025\/11\/28\/christmas-bazaar-returns-to-gama-lobo-palace\/"]}]},{"@type":"ImageObject","inLanguage":"en-US","@id":"https:\/\/loulecriativo.pt\/en\/2025\/11\/28\/christmas-bazaar-returns-to-gama-lobo-palace\/#primaryimage","url":"https:\/\/loulecriativo.pt\/wp-content\/uploads\/2025\/12\/b8d1f1e3-bf60-489d-a825-b75b82984215.jpg","contentUrl":"https:\/\/loulecriativo.pt\/wp-content\/uploads\/2025\/12\/b8d1f1e3-bf60-489d-a825-b75b82984215.jpg","width":1200,"height":1600},{"@type":"BreadcrumbList","@id":"https:\/\/loulecriativo.pt\/en\/2025\/11\/28\/christmas-bazaar-returns-to-gama-lobo-palace\/#breadcrumb","itemListElement":[{"@type":"ListItem","position":1,"name":"Home","item":"https:\/\/loulecriativo.pt\/en\/"},{"@type":"ListItem","position":2,"name":"Christmas Bazaar returns to Gama Lobo Palace"}]},{"@type":"WebSite","@id":"https:\/\/loulecriativo.pt\/en\/#website","url":"https:\/\/loulecriativo.pt\/en\/","name":"Loul\u00e9 Criativo","description":"","potentialAction":[{"@type":"SearchAction","target":{"@type":"EntryPoint","urlTemplate":"https:\/\/loulecriativo.pt\/en\/?s={search_term_string}"},"query-input":{"@type":"PropertyValueSpecification","valueRequired":true,"valueName":"search_term_string"}}],"inLanguage":"en-US"},{"@type":"Person","@id":"https:\/\/loulecriativo.pt\/en\/#\/schema\/person\/0764fae681d57993104d3989f3fcc148","name":"Marta Caetano Loul\u00e9 Criativo","url":"https:\/\/loulecriativo.pt\/en\/author\/lc_martac\/"}]}},"_links":{"self":[{"href":"https:\/\/loulecriativo.pt\/en\/wp-json\/wp\/v2\/posts\/15154","targetHints":{"allow":["GET"]}}],"collection":[{"href":"https:\/\/loulecriativo.pt\/en\/wp-json\/wp\/v2\/posts"}],"about":[{"href":"https:\/\/loulecriativo.pt\/en\/wp-json\/wp\/v2\/types\/post"}],"author":[{"embeddable":true,"href":"https:\/\/loulecriativo.pt\/en\/wp-json\/wp\/v2\/users\/5"}],"replies":[{"embeddable":true,"href":"https:\/\/loulecriativo.pt\/en\/wp-json\/wp\/v2\/comments?post=15154"}],"version-history":[{"count":1,"href":"https:\/\/loulecriativo.pt\/en\/wp-json\/wp\/v2\/posts\/15154\/revisions"}],"predecessor-version":[{"id":15155,"href":"https:\/\/loulecriativo.pt\/en\/wp-json\/wp\/v2\/posts\/15154\/revisions\/15155"}],"wp:featuredmedia":[{"embeddable":true,"href":"https:\/\/loulecriativo.pt\/en\/wp-json\/wp\/v2\/media\/14403"}],"wp:attachment":[{"href":"https:\/\/loulecriativo.pt\/en\/wp-json\/wp\/v2\/media?parent=15154"}],"curies":[{"name":"wp","href":"https:\/\/api.w.org\/{rel}","templated":true}]}}