{"id":15411,"date":"2026-01-14T19:14:09","date_gmt":"2026-01-14T19:14:09","guid":{"rendered":"https:\/\/loulecriativo.pt\/?p=15411"},"modified":"2026-01-14T19:41:20","modified_gmt":"2026-01-14T19:41:20","slug":"isidoro-ramos-em-destaque-na-edicao-de-janeiro-da-revista-tomorrow","status":"publish","type":"post","link":"https:\/\/loulecriativo.pt\/pt\/2026\/01\/14\/isidoro-ramos-em-destaque-na-edicao-de-janeiro-da-revista-tomorrow\/","title":{"rendered":"Isidoro Ramos em destaque na edi\u00e7\u00e3o de Janeiro da revista Tomorrow"},"content":{"rendered":"\n<p>O mestre artes\u00e3o <strong>Isidoro Ramos<\/strong> \u00e9 o protagonista de um destaque especial na edi\u00e7\u00e3o de janeiro da revista <em>Tomorrow<\/em>, um reconhecimento ao seu percurso e ao seu papel fundamental na preserva\u00e7\u00e3o da arte de trabalhar o <strong>esparto<\/strong>.<\/p>\n\n\n\n<p>Natural de <strong>Paderne<\/strong>, Isidoro Ramos \u00e9 um apaixonado defensor deste saber-fazer tradicional, que aprendeu ainda em crian\u00e7a com a m\u00e3e e a av\u00f3. Um conhecimento transmitido de gera\u00e7\u00e3o em gera\u00e7\u00e3o e que hoje assume um valor acrescido enquanto patrim\u00f3nio cultural imaterial.<\/p>\n\n\n\n<p>Atualmente em fase de pr\u00e9-reforma, Isidoro dedica grande parte do seu tempo \u00e0 apanha do esparto, \u00e0 produ\u00e7\u00e3o artesanal e ao <strong>ensino desta arte<\/strong>, partilhando o seu saber com novas gera\u00e7\u00f5es e contribuindo ativamente para que este of\u00edcio ancestral n\u00e3o se perca no tempo.<\/p>\n\n\n\n<p><strong>Isidoro Ramos integra a comunidade do Loul\u00e9 Criativo<\/strong>, fazendo parte do coletivo de artes\u00e3os da <strong>Casa do Esparto<\/strong>, nas <strong>Sarnadas, freguesia de Alte<\/strong>, um espa\u00e7o dedicado \u00e0 salvaguarda, valoriza\u00e7\u00e3o e divulga\u00e7\u00e3o desta arte tradicional.<\/p>\n\n\n\n<p>O destaque na revista <em>Tomorrow<\/em> vem refor\u00e7ar a import\u00e2ncia do trabalho desenvolvido pelo mestre artes\u00e3o e sublinhar o valor da artesania tradicional enquanto elemento identit\u00e1rio do territ\u00f3rio.<\/p>\n\n\n\n<p><\/p>\n","protected":false},"excerpt":{"rendered":"<p>O mestre artes\u00e3o Isidoro Ramos \u00e9 o protagonista de um destaque especial na edi\u00e7\u00e3o de janeiro da revista Tomorrow, um reconhecimento ao seu percurso e ao seu papel fundamental na preserva\u00e7\u00e3o da arte de trabalhar o esparto. Natural de Paderne, Isidoro Ramos \u00e9 um apaixonado defensor deste saber-fazer tradicional, que aprendeu ainda em crian\u00e7a com [&hellip;]<\/p>\n","protected":false},"author":10,"featured_media":15412,"comment_status":"closed","ping_status":"closed","sticky":false,"template":"","format":"standard","meta":{"_acf_changed":false,"footnotes":""},"class_list":["post-15411","post","type-post","status-publish","format-standard","has-post-thumbnail","hentry"],"acf":[],"yoast_head":"<!-- This site is optimized with the Yoast SEO Premium plugin v25.9 (Yoast SEO v26.5) - https:\/\/yoast.com\/wordpress\/plugins\/seo\/ -->\n<title>Isidoro Ramos em destaque na edi\u00e7\u00e3o de Janeiro da revista Tomorrow - Loul\u00e9 Criativo<\/title>\n<meta name=\"robots\" content=\"index, follow, max-snippet:-1, max-image-preview:large, max-video-preview:-1\" \/>\n<link rel=\"canonical\" href=\"https:\/\/loulecriativo.pt\/pt\/2026\/01\/14\/isidoro-ramos-em-destaque-na-edicao-de-janeiro-da-revista-tomorrow\/\" \/>\n<meta property=\"og:locale\" content=\"pt_PT\" \/>\n<meta property=\"og:type\" content=\"article\" \/>\n<meta property=\"og:title\" content=\"Isidoro Ramos em destaque na edi\u00e7\u00e3o de Janeiro da revista Tomorrow\" \/>\n<meta property=\"og:description\" content=\"O mestre artes\u00e3o Isidoro Ramos \u00e9 o protagonista de um destaque especial na edi\u00e7\u00e3o de janeiro da revista Tomorrow, um reconhecimento ao seu percurso e ao seu papel fundamental na preserva\u00e7\u00e3o da arte de trabalhar o esparto. Natural de Paderne, Isidoro Ramos \u00e9 um apaixonado defensor deste saber-fazer tradicional, que aprendeu ainda em crian\u00e7a com [&hellip;]\" \/>\n<meta property=\"og:url\" content=\"https:\/\/loulecriativo.pt\/pt\/2026\/01\/14\/isidoro-ramos-em-destaque-na-edicao-de-janeiro-da-revista-tomorrow\/\" \/>\n<meta property=\"og:site_name\" content=\"Loul\u00e9 Criativo\" \/>\n<meta property=\"article:published_time\" content=\"2026-01-14T19:14:09+00:00\" \/>\n<meta property=\"article:modified_time\" content=\"2026-01-14T19:41:20+00:00\" \/>\n<meta property=\"og:image\" content=\"https:\/\/loulecriativo.pt\/wp-content\/uploads\/2026\/01\/550A8610-scaled-e1768419662190.jpg\" \/>\n\t<meta property=\"og:image:width\" content=\"1707\" \/>\n\t<meta property=\"og:image:height\" content=\"1694\" \/>\n\t<meta property=\"og:image:type\" content=\"image\/jpeg\" \/>\n<meta name=\"author\" content=\"Teresa Mascarenhas\" \/>\n<meta name=\"twitter:card\" content=\"summary_large_image\" \/>\n<meta name=\"twitter:label1\" content=\"Written by\" \/>\n\t<meta name=\"twitter:data1\" content=\"Teresa Mascarenhas\" \/>\n\t<meta name=\"twitter:label2\" content=\"Est. reading time\" \/>\n\t<meta name=\"twitter:data2\" content=\"2 minutes\" \/>\n<script type=\"application\/ld+json\" class=\"yoast-schema-graph\">{\"@context\":\"https:\/\/schema.org\",\"@graph\":[{\"@type\":\"WebPage\",\"@id\":\"https:\/\/loulecriativo.pt\/pt\/2026\/01\/14\/isidoro-ramos-em-destaque-na-edicao-de-janeiro-da-revista-tomorrow\/\",\"url\":\"https:\/\/loulecriativo.pt\/pt\/2026\/01\/14\/isidoro-ramos-em-destaque-na-edicao-de-janeiro-da-revista-tomorrow\/\",\"name\":\"Isidoro Ramos em destaque na edi\u00e7\u00e3o de Janeiro da revista Tomorrow - Loul\u00e9 Criativo\",\"isPartOf\":{\"@id\":\"https:\/\/loulecriativo.pt\/pt\/#website\"},\"primaryImageOfPage\":{\"@id\":\"https:\/\/loulecriativo.pt\/pt\/2026\/01\/14\/isidoro-ramos-em-destaque-na-edicao-de-janeiro-da-revista-tomorrow\/#primaryimage\"},\"image\":{\"@id\":\"https:\/\/loulecriativo.pt\/pt\/2026\/01\/14\/isidoro-ramos-em-destaque-na-edicao-de-janeiro-da-revista-tomorrow\/#primaryimage\"},\"thumbnailUrl\":\"https:\/\/loulecriativo.pt\/wp-content\/uploads\/2026\/01\/550A8610-scaled-e1768419662190.jpg\",\"datePublished\":\"2026-01-14T19:14:09+00:00\",\"dateModified\":\"2026-01-14T19:41:20+00:00\",\"author\":{\"@id\":\"https:\/\/loulecriativo.pt\/pt\/#\/schema\/person\/08d2ca32538d2677b0f32bac00d5cf74\"},\"breadcrumb\":{\"@id\":\"https:\/\/loulecriativo.pt\/pt\/2026\/01\/14\/isidoro-ramos-em-destaque-na-edicao-de-janeiro-da-revista-tomorrow\/#breadcrumb\"},\"inLanguage\":\"pt\",\"potentialAction\":[{\"@type\":\"ReadAction\",\"target\":[\"https:\/\/loulecriativo.pt\/pt\/2026\/01\/14\/isidoro-ramos-em-destaque-na-edicao-de-janeiro-da-revista-tomorrow\/\"]}]},{\"@type\":\"ImageObject\",\"inLanguage\":\"pt\",\"@id\":\"https:\/\/loulecriativo.pt\/pt\/2026\/01\/14\/isidoro-ramos-em-destaque-na-edicao-de-janeiro-da-revista-tomorrow\/#primaryimage\",\"url\":\"https:\/\/loulecriativo.pt\/wp-content\/uploads\/2026\/01\/550A8610-scaled-e1768419662190.jpg\",\"contentUrl\":\"https:\/\/loulecriativo.pt\/wp-content\/uploads\/2026\/01\/550A8610-scaled-e1768419662190.jpg\",\"width\":1707,\"height\":1694},{\"@type\":\"BreadcrumbList\",\"@id\":\"https:\/\/loulecriativo.pt\/pt\/2026\/01\/14\/isidoro-ramos-em-destaque-na-edicao-de-janeiro-da-revista-tomorrow\/#breadcrumb\",\"itemListElement\":[{\"@type\":\"ListItem\",\"position\":1,\"name\":\"Home\",\"item\":\"https:\/\/loulecriativo.pt\/pt\/\"},{\"@type\":\"ListItem\",\"position\":2,\"name\":\"Isidoro Ramos em destaque na edi\u00e7\u00e3o de Janeiro da revista Tomorrow\"}]},{\"@type\":\"WebSite\",\"@id\":\"https:\/\/loulecriativo.pt\/pt\/#website\",\"url\":\"https:\/\/loulecriativo.pt\/pt\/\",\"name\":\"Loul\u00e9 Criativo\",\"description\":\"\",\"potentialAction\":[{\"@type\":\"SearchAction\",\"target\":{\"@type\":\"EntryPoint\",\"urlTemplate\":\"https:\/\/loulecriativo.pt\/pt\/?s={search_term_string}\"},\"query-input\":{\"@type\":\"PropertyValueSpecification\",\"valueRequired\":true,\"valueName\":\"search_term_string\"}}],\"inLanguage\":\"pt\"},{\"@type\":\"Person\",\"@id\":\"https:\/\/loulecriativo.pt\/pt\/#\/schema\/person\/08d2ca32538d2677b0f32bac00d5cf74\",\"name\":\"Teresa Mascarenhas\",\"url\":\"https:\/\/loulecriativo.pt\/pt\/author\/lc_teresam\/\"}]}<\/script>\n<!-- \/ Yoast SEO Premium plugin. -->","yoast_head_json":{"title":"Isidoro Ramos em destaque na edi\u00e7\u00e3o de Janeiro da revista Tomorrow - Loul\u00e9 Criativo","robots":{"index":"index","follow":"follow","max-snippet":"max-snippet:-1","max-image-preview":"max-image-preview:large","max-video-preview":"max-video-preview:-1"},"canonical":"https:\/\/loulecriativo.pt\/pt\/2026\/01\/14\/isidoro-ramos-em-destaque-na-edicao-de-janeiro-da-revista-tomorrow\/","og_locale":"pt_PT","og_type":"article","og_title":"Isidoro Ramos em destaque na edi\u00e7\u00e3o de Janeiro da revista Tomorrow","og_description":"O mestre artes\u00e3o Isidoro Ramos \u00e9 o protagonista de um destaque especial na edi\u00e7\u00e3o de janeiro da revista Tomorrow, um reconhecimento ao seu percurso e ao seu papel fundamental na preserva\u00e7\u00e3o da arte de trabalhar o esparto. Natural de Paderne, Isidoro Ramos \u00e9 um apaixonado defensor deste saber-fazer tradicional, que aprendeu ainda em crian\u00e7a com [&hellip;]","og_url":"https:\/\/loulecriativo.pt\/pt\/2026\/01\/14\/isidoro-ramos-em-destaque-na-edicao-de-janeiro-da-revista-tomorrow\/","og_site_name":"Loul\u00e9 Criativo","article_published_time":"2026-01-14T19:14:09+00:00","article_modified_time":"2026-01-14T19:41:20+00:00","og_image":[{"width":1707,"height":1694,"url":"https:\/\/loulecriativo.pt\/wp-content\/uploads\/2026\/01\/550A8610-scaled-e1768419662190.jpg","type":"image\/jpeg"}],"author":"Teresa Mascarenhas","twitter_card":"summary_large_image","twitter_misc":{"Written by":"Teresa Mascarenhas","Est. reading time":"2 minutes"},"schema":{"@context":"https:\/\/schema.org","@graph":[{"@type":"WebPage","@id":"https:\/\/loulecriativo.pt\/pt\/2026\/01\/14\/isidoro-ramos-em-destaque-na-edicao-de-janeiro-da-revista-tomorrow\/","url":"https:\/\/loulecriativo.pt\/pt\/2026\/01\/14\/isidoro-ramos-em-destaque-na-edicao-de-janeiro-da-revista-tomorrow\/","name":"Isidoro Ramos em destaque na edi\u00e7\u00e3o de Janeiro da revista Tomorrow - Loul\u00e9 Criativo","isPartOf":{"@id":"https:\/\/loulecriativo.pt\/pt\/#website"},"primaryImageOfPage":{"@id":"https:\/\/loulecriativo.pt\/pt\/2026\/01\/14\/isidoro-ramos-em-destaque-na-edicao-de-janeiro-da-revista-tomorrow\/#primaryimage"},"image":{"@id":"https:\/\/loulecriativo.pt\/pt\/2026\/01\/14\/isidoro-ramos-em-destaque-na-edicao-de-janeiro-da-revista-tomorrow\/#primaryimage"},"thumbnailUrl":"https:\/\/loulecriativo.pt\/wp-content\/uploads\/2026\/01\/550A8610-scaled-e1768419662190.jpg","datePublished":"2026-01-14T19:14:09+00:00","dateModified":"2026-01-14T19:41:20+00:00","author":{"@id":"https:\/\/loulecriativo.pt\/pt\/#\/schema\/person\/08d2ca32538d2677b0f32bac00d5cf74"},"breadcrumb":{"@id":"https:\/\/loulecriativo.pt\/pt\/2026\/01\/14\/isidoro-ramos-em-destaque-na-edicao-de-janeiro-da-revista-tomorrow\/#breadcrumb"},"inLanguage":"pt","potentialAction":[{"@type":"ReadAction","target":["https:\/\/loulecriativo.pt\/pt\/2026\/01\/14\/isidoro-ramos-em-destaque-na-edicao-de-janeiro-da-revista-tomorrow\/"]}]},{"@type":"ImageObject","inLanguage":"pt","@id":"https:\/\/loulecriativo.pt\/pt\/2026\/01\/14\/isidoro-ramos-em-destaque-na-edicao-de-janeiro-da-revista-tomorrow\/#primaryimage","url":"https:\/\/loulecriativo.pt\/wp-content\/uploads\/2026\/01\/550A8610-scaled-e1768419662190.jpg","contentUrl":"https:\/\/loulecriativo.pt\/wp-content\/uploads\/2026\/01\/550A8610-scaled-e1768419662190.jpg","width":1707,"height":1694},{"@type":"BreadcrumbList","@id":"https:\/\/loulecriativo.pt\/pt\/2026\/01\/14\/isidoro-ramos-em-destaque-na-edicao-de-janeiro-da-revista-tomorrow\/#breadcrumb","itemListElement":[{"@type":"ListItem","position":1,"name":"Home","item":"https:\/\/loulecriativo.pt\/pt\/"},{"@type":"ListItem","position":2,"name":"Isidoro Ramos em destaque na edi\u00e7\u00e3o de Janeiro da revista Tomorrow"}]},{"@type":"WebSite","@id":"https:\/\/loulecriativo.pt\/pt\/#website","url":"https:\/\/loulecriativo.pt\/pt\/","name":"Loul\u00e9 Criativo","description":"","potentialAction":[{"@type":"SearchAction","target":{"@type":"EntryPoint","urlTemplate":"https:\/\/loulecriativo.pt\/pt\/?s={search_term_string}"},"query-input":{"@type":"PropertyValueSpecification","valueRequired":true,"valueName":"search_term_string"}}],"inLanguage":"pt"},{"@type":"Person","@id":"https:\/\/loulecriativo.pt\/pt\/#\/schema\/person\/08d2ca32538d2677b0f32bac00d5cf74","name":"Teresa Mascarenhas","url":"https:\/\/loulecriativo.pt\/pt\/author\/lc_teresam\/"}]}},"_links":{"self":[{"href":"https:\/\/loulecriativo.pt\/pt\/wp-json\/wp\/v2\/posts\/15411","targetHints":{"allow":["GET"]}}],"collection":[{"href":"https:\/\/loulecriativo.pt\/pt\/wp-json\/wp\/v2\/posts"}],"about":[{"href":"https:\/\/loulecriativo.pt\/pt\/wp-json\/wp\/v2\/types\/post"}],"author":[{"embeddable":true,"href":"https:\/\/loulecriativo.pt\/pt\/wp-json\/wp\/v2\/users\/10"}],"replies":[{"embeddable":true,"href":"https:\/\/loulecriativo.pt\/pt\/wp-json\/wp\/v2\/comments?post=15411"}],"version-history":[{"count":2,"href":"https:\/\/loulecriativo.pt\/pt\/wp-json\/wp\/v2\/posts\/15411\/revisions"}],"predecessor-version":[{"id":15415,"href":"https:\/\/loulecriativo.pt\/pt\/wp-json\/wp\/v2\/posts\/15411\/revisions\/15415"}],"wp:featuredmedia":[{"embeddable":true,"href":"https:\/\/loulecriativo.pt\/pt\/wp-json\/wp\/v2\/media\/15412"}],"wp:attachment":[{"href":"https:\/\/loulecriativo.pt\/pt\/wp-json\/wp\/v2\/media?parent=15411"}],"curies":[{"name":"wp","href":"https:\/\/api.w.org\/{rel}","templated":true}]}}