{"id":16579,"date":"2026-04-27T10:56:49","date_gmt":"2026-04-27T10:56:49","guid":{"rendered":"https:\/\/loulecriativo.pt\/?p=16579"},"modified":"2026-04-27T11:29:33","modified_gmt":"2026-04-27T11:29:33","slug":"loule-criativo-lanca-clube-de-macrame-entre-nos-na-oficina-dos-texteis","status":"publish","type":"post","link":"https:\/\/loulecriativo.pt\/pt\/2026\/04\/27\/loule-criativo-lanca-clube-de-macrame-entre-nos-na-oficina-dos-texteis\/","title":{"rendered":"Loul\u00e9 Criativo lan\u00e7a Clube de Macram\u00e9 \u201cEntre N\u00f3s\u201d na Oficina dos T\u00eaxteis"},"content":{"rendered":"<p>O Loul\u00e9 Criativo refor\u00e7a a sua aposta na dinamiza\u00e7\u00e3o das artes manuais com o lan\u00e7amento do Clube de Macram\u00e9 \u2013 \u201cEntre N\u00f3s\u201d.<\/p>\n<p>A partir do dia 14 de maio, a Oficina dos T\u00eaxteis torna-se o ponto de encontro para entusiastas desta arte ancestral, sob a orienta\u00e7\u00e3o da dinamizadora Desi Cornelisse. O clube nasce como um espa\u00e7o de partilha e criatividade, focado no prazer de trabalhar com as m\u00e3os. Mais do que aprender n\u00f3s e t\u00e9cnicas, o objetivo \u00e9 proporcionar um ambiente descontra\u00eddo onde os participantes possam criar pe\u00e7as decorativas ou utilit\u00e1rias personalizadas. As sess\u00f5es decorrem duas vezes por m\u00eas, \u00e0s quintas-feiras, com dois hor\u00e1rios dispon\u00edveis (tarde ou p\u00f3s-laboral) para se adaptarem \u00e0 rotina dos participantes. Com grupos limitados a 8 pessoas, o clube garante um acompanhamento pr\u00f3ximo e personalizado.<\/p>\n<p>Informa\u00e7\u00f5es Pr\u00e1ticas:<\/p>\n<p>\u2022 In\u00edcio: 14 de maio<\/p>\n<p>\u2022 Hor\u00e1rios: 14h30\u201316h30 ou 18h30\u201320h30<\/p>\n<p>\u2022 Local: Oficina dos T\u00eaxteis, Loul\u00e9<\/p>\n<p>\u2022 Inscri\u00e7\u00e3o mensal: 30\u20ac (sem material) ou 55\u20ac (com material inclu\u00eddo)<\/p>\n<p>\u2022 Inscri\u00e7\u00f5es: jomohandmade@gmail.com | WhatsApp: 969 682 967.<\/p>\n<p>N\u00e3o \u00e9 necess\u00e1ria experi\u00eancia pr\u00e9via, apenas a vontade de aprender e o gosto pela cria\u00e7\u00e3o manual.<\/p>\n","protected":false},"excerpt":{"rendered":"<p>O Clube de Macram\u00e9 \u2013 \u201cEntre N\u00f3s\u201d, do Loul\u00e9 Criativo, \u00e9 um espa\u00e7o de encontro e cria\u00e7\u00e3o dedicado ao trabalho manual.<br \/>\nCom sess\u00f5es quinzenais na Oficina dos T\u00eaxteis, promove a partilha, a aprendizagem e a cria\u00e7\u00e3o de pe\u00e7as em ambiente descontra\u00eddo.<br \/>\nAberto a todos, n\u00e3o requer experi\u00eancia pr\u00e9via.<\/p>\n","protected":false},"author":10,"featured_media":16598,"comment_status":"closed","ping_status":"closed","sticky":false,"template":"","format":"standard","meta":{"_acf_changed":false,"footnotes":""},"class_list":["post-16579","post","type-post","status-publish","format-standard","has-post-thumbnail","hentry"],"acf":[],"yoast_head":"<!-- This site is optimized with the Yoast SEO Premium plugin v25.9 (Yoast SEO v26.5) - https:\/\/yoast.com\/wordpress\/plugins\/seo\/ -->\n<title>Loul\u00e9 Criativo lan\u00e7a Clube de Macram\u00e9 \u201cEntre N\u00f3s\u201d na Oficina dos T\u00eaxteis - Loul\u00e9 Criativo<\/title>\n<meta name=\"robots\" content=\"index, follow, max-snippet:-1, max-image-preview:large, max-video-preview:-1\" \/>\n<link rel=\"canonical\" href=\"https:\/\/loulecriativo.pt\/pt\/2026\/04\/27\/loule-criativo-lanca-clube-de-macrame-entre-nos-na-oficina-dos-texteis\/\" \/>\n<meta property=\"og:locale\" content=\"pt_PT\" \/>\n<meta property=\"og:type\" content=\"article\" \/>\n<meta property=\"og:title\" content=\"Loul\u00e9 Criativo lan\u00e7a Clube de Macram\u00e9 \u201cEntre N\u00f3s\u201d na Oficina dos T\u00eaxteis\" \/>\n<meta property=\"og:description\" content=\"O Clube de Macram\u00e9 \u2013 \u201cEntre N\u00f3s\u201d, do Loul\u00e9 Criativo, \u00e9 um espa\u00e7o de encontro e cria\u00e7\u00e3o dedicado ao trabalho manual. Com sess\u00f5es quinzenais na Oficina dos T\u00eaxteis, promove a partilha, a aprendizagem e a cria\u00e7\u00e3o de pe\u00e7as em ambiente descontra\u00eddo. Aberto a todos, n\u00e3o requer experi\u00eancia pr\u00e9via.\" \/>\n<meta property=\"og:url\" content=\"https:\/\/loulecriativo.pt\/pt\/2026\/04\/27\/loule-criativo-lanca-clube-de-macrame-entre-nos-na-oficina-dos-texteis\/\" \/>\n<meta property=\"og:site_name\" content=\"Loul\u00e9 Criativo\" \/>\n<meta property=\"article:published_time\" content=\"2026-04-27T10:56:49+00:00\" \/>\n<meta property=\"article:modified_time\" content=\"2026-04-27T11:29:33+00:00\" \/>\n<meta property=\"og:image\" content=\"https:\/\/loulecriativo.pt\/wp-content\/uploads\/2026\/04\/550A3312-scaled.jpg\" \/>\n\t<meta property=\"og:image:width\" content=\"2560\" \/>\n\t<meta property=\"og:image:height\" content=\"1708\" \/>\n\t<meta property=\"og:image:type\" content=\"image\/jpeg\" \/>\n<meta name=\"author\" content=\"Teresa Mascarenhas\" \/>\n<meta name=\"twitter:card\" content=\"summary_large_image\" \/>\n<meta name=\"twitter:label1\" content=\"Written by\" \/>\n\t<meta name=\"twitter:data1\" content=\"Teresa Mascarenhas\" \/>\n\t<meta name=\"twitter:label2\" content=\"Est. reading time\" \/>\n\t<meta name=\"twitter:data2\" content=\"2 minutes\" \/>\n<script type=\"application\/ld+json\" class=\"yoast-schema-graph\">{\"@context\":\"https:\/\/schema.org\",\"@graph\":[{\"@type\":\"WebPage\",\"@id\":\"https:\/\/loulecriativo.pt\/pt\/2026\/04\/27\/loule-criativo-lanca-clube-de-macrame-entre-nos-na-oficina-dos-texteis\/\",\"url\":\"https:\/\/loulecriativo.pt\/pt\/2026\/04\/27\/loule-criativo-lanca-clube-de-macrame-entre-nos-na-oficina-dos-texteis\/\",\"name\":\"Loul\u00e9 Criativo lan\u00e7a Clube de Macram\u00e9 \u201cEntre N\u00f3s\u201d na Oficina dos T\u00eaxteis - Loul\u00e9 Criativo\",\"isPartOf\":{\"@id\":\"https:\/\/loulecriativo.pt\/pt\/#website\"},\"primaryImageOfPage\":{\"@id\":\"https:\/\/loulecriativo.pt\/pt\/2026\/04\/27\/loule-criativo-lanca-clube-de-macrame-entre-nos-na-oficina-dos-texteis\/#primaryimage\"},\"image\":{\"@id\":\"https:\/\/loulecriativo.pt\/pt\/2026\/04\/27\/loule-criativo-lanca-clube-de-macrame-entre-nos-na-oficina-dos-texteis\/#primaryimage\"},\"thumbnailUrl\":\"https:\/\/loulecriativo.pt\/wp-content\/uploads\/2026\/04\/550A3312-scaled.jpg\",\"datePublished\":\"2026-04-27T10:56:49+00:00\",\"dateModified\":\"2026-04-27T11:29:33+00:00\",\"author\":{\"@id\":\"https:\/\/loulecriativo.pt\/pt\/#\/schema\/person\/08d2ca32538d2677b0f32bac00d5cf74\"},\"breadcrumb\":{\"@id\":\"https:\/\/loulecriativo.pt\/pt\/2026\/04\/27\/loule-criativo-lanca-clube-de-macrame-entre-nos-na-oficina-dos-texteis\/#breadcrumb\"},\"inLanguage\":\"pt\",\"potentialAction\":[{\"@type\":\"ReadAction\",\"target\":[\"https:\/\/loulecriativo.pt\/pt\/2026\/04\/27\/loule-criativo-lanca-clube-de-macrame-entre-nos-na-oficina-dos-texteis\/\"]}]},{\"@type\":\"ImageObject\",\"inLanguage\":\"pt\",\"@id\":\"https:\/\/loulecriativo.pt\/pt\/2026\/04\/27\/loule-criativo-lanca-clube-de-macrame-entre-nos-na-oficina-dos-texteis\/#primaryimage\",\"url\":\"https:\/\/loulecriativo.pt\/wp-content\/uploads\/2026\/04\/550A3312-scaled.jpg\",\"contentUrl\":\"https:\/\/loulecriativo.pt\/wp-content\/uploads\/2026\/04\/550A3312-scaled.jpg\",\"width\":2560,\"height\":1708},{\"@type\":\"BreadcrumbList\",\"@id\":\"https:\/\/loulecriativo.pt\/pt\/2026\/04\/27\/loule-criativo-lanca-clube-de-macrame-entre-nos-na-oficina-dos-texteis\/#breadcrumb\",\"itemListElement\":[{\"@type\":\"ListItem\",\"position\":1,\"name\":\"Home\",\"item\":\"https:\/\/loulecriativo.pt\/pt\/\"},{\"@type\":\"ListItem\",\"position\":2,\"name\":\"Loul\u00e9 Criativo lan\u00e7a Clube de Macram\u00e9 \u201cEntre N\u00f3s\u201d na Oficina dos T\u00eaxteis\"}]},{\"@type\":\"WebSite\",\"@id\":\"https:\/\/loulecriativo.pt\/pt\/#website\",\"url\":\"https:\/\/loulecriativo.pt\/pt\/\",\"name\":\"Loul\u00e9 Criativo\",\"description\":\"\",\"potentialAction\":[{\"@type\":\"SearchAction\",\"target\":{\"@type\":\"EntryPoint\",\"urlTemplate\":\"https:\/\/loulecriativo.pt\/pt\/?s={search_term_string}\"},\"query-input\":{\"@type\":\"PropertyValueSpecification\",\"valueRequired\":true,\"valueName\":\"search_term_string\"}}],\"inLanguage\":\"pt\"},{\"@type\":\"Person\",\"@id\":\"https:\/\/loulecriativo.pt\/pt\/#\/schema\/person\/08d2ca32538d2677b0f32bac00d5cf74\",\"name\":\"Teresa Mascarenhas\",\"url\":\"https:\/\/loulecriativo.pt\/pt\/author\/lc_teresam\/\"}]}<\/script>\n<!-- \/ Yoast SEO Premium plugin. -->","yoast_head_json":{"title":"Loul\u00e9 Criativo lan\u00e7a Clube de Macram\u00e9 \u201cEntre N\u00f3s\u201d na Oficina dos T\u00eaxteis - Loul\u00e9 Criativo","robots":{"index":"index","follow":"follow","max-snippet":"max-snippet:-1","max-image-preview":"max-image-preview:large","max-video-preview":"max-video-preview:-1"},"canonical":"https:\/\/loulecriativo.pt\/pt\/2026\/04\/27\/loule-criativo-lanca-clube-de-macrame-entre-nos-na-oficina-dos-texteis\/","og_locale":"pt_PT","og_type":"article","og_title":"Loul\u00e9 Criativo lan\u00e7a Clube de Macram\u00e9 \u201cEntre N\u00f3s\u201d na Oficina dos T\u00eaxteis","og_description":"O Clube de Macram\u00e9 \u2013 \u201cEntre N\u00f3s\u201d, do Loul\u00e9 Criativo, \u00e9 um espa\u00e7o de encontro e cria\u00e7\u00e3o dedicado ao trabalho manual. Com sess\u00f5es quinzenais na Oficina dos T\u00eaxteis, promove a partilha, a aprendizagem e a cria\u00e7\u00e3o de pe\u00e7as em ambiente descontra\u00eddo. Aberto a todos, n\u00e3o requer experi\u00eancia pr\u00e9via.","og_url":"https:\/\/loulecriativo.pt\/pt\/2026\/04\/27\/loule-criativo-lanca-clube-de-macrame-entre-nos-na-oficina-dos-texteis\/","og_site_name":"Loul\u00e9 Criativo","article_published_time":"2026-04-27T10:56:49+00:00","article_modified_time":"2026-04-27T11:29:33+00:00","og_image":[{"width":2560,"height":1708,"url":"https:\/\/loulecriativo.pt\/wp-content\/uploads\/2026\/04\/550A3312-scaled.jpg","type":"image\/jpeg"}],"author":"Teresa Mascarenhas","twitter_card":"summary_large_image","twitter_misc":{"Written by":"Teresa Mascarenhas","Est. reading time":"2 minutes"},"schema":{"@context":"https:\/\/schema.org","@graph":[{"@type":"WebPage","@id":"https:\/\/loulecriativo.pt\/pt\/2026\/04\/27\/loule-criativo-lanca-clube-de-macrame-entre-nos-na-oficina-dos-texteis\/","url":"https:\/\/loulecriativo.pt\/pt\/2026\/04\/27\/loule-criativo-lanca-clube-de-macrame-entre-nos-na-oficina-dos-texteis\/","name":"Loul\u00e9 Criativo lan\u00e7a Clube de Macram\u00e9 \u201cEntre N\u00f3s\u201d na Oficina dos T\u00eaxteis - Loul\u00e9 Criativo","isPartOf":{"@id":"https:\/\/loulecriativo.pt\/pt\/#website"},"primaryImageOfPage":{"@id":"https:\/\/loulecriativo.pt\/pt\/2026\/04\/27\/loule-criativo-lanca-clube-de-macrame-entre-nos-na-oficina-dos-texteis\/#primaryimage"},"image":{"@id":"https:\/\/loulecriativo.pt\/pt\/2026\/04\/27\/loule-criativo-lanca-clube-de-macrame-entre-nos-na-oficina-dos-texteis\/#primaryimage"},"thumbnailUrl":"https:\/\/loulecriativo.pt\/wp-content\/uploads\/2026\/04\/550A3312-scaled.jpg","datePublished":"2026-04-27T10:56:49+00:00","dateModified":"2026-04-27T11:29:33+00:00","author":{"@id":"https:\/\/loulecriativo.pt\/pt\/#\/schema\/person\/08d2ca32538d2677b0f32bac00d5cf74"},"breadcrumb":{"@id":"https:\/\/loulecriativo.pt\/pt\/2026\/04\/27\/loule-criativo-lanca-clube-de-macrame-entre-nos-na-oficina-dos-texteis\/#breadcrumb"},"inLanguage":"pt","potentialAction":[{"@type":"ReadAction","target":["https:\/\/loulecriativo.pt\/pt\/2026\/04\/27\/loule-criativo-lanca-clube-de-macrame-entre-nos-na-oficina-dos-texteis\/"]}]},{"@type":"ImageObject","inLanguage":"pt","@id":"https:\/\/loulecriativo.pt\/pt\/2026\/04\/27\/loule-criativo-lanca-clube-de-macrame-entre-nos-na-oficina-dos-texteis\/#primaryimage","url":"https:\/\/loulecriativo.pt\/wp-content\/uploads\/2026\/04\/550A3312-scaled.jpg","contentUrl":"https:\/\/loulecriativo.pt\/wp-content\/uploads\/2026\/04\/550A3312-scaled.jpg","width":2560,"height":1708},{"@type":"BreadcrumbList","@id":"https:\/\/loulecriativo.pt\/pt\/2026\/04\/27\/loule-criativo-lanca-clube-de-macrame-entre-nos-na-oficina-dos-texteis\/#breadcrumb","itemListElement":[{"@type":"ListItem","position":1,"name":"Home","item":"https:\/\/loulecriativo.pt\/pt\/"},{"@type":"ListItem","position":2,"name":"Loul\u00e9 Criativo lan\u00e7a Clube de Macram\u00e9 \u201cEntre N\u00f3s\u201d na Oficina dos T\u00eaxteis"}]},{"@type":"WebSite","@id":"https:\/\/loulecriativo.pt\/pt\/#website","url":"https:\/\/loulecriativo.pt\/pt\/","name":"Loul\u00e9 Criativo","description":"","potentialAction":[{"@type":"SearchAction","target":{"@type":"EntryPoint","urlTemplate":"https:\/\/loulecriativo.pt\/pt\/?s={search_term_string}"},"query-input":{"@type":"PropertyValueSpecification","valueRequired":true,"valueName":"search_term_string"}}],"inLanguage":"pt"},{"@type":"Person","@id":"https:\/\/loulecriativo.pt\/pt\/#\/schema\/person\/08d2ca32538d2677b0f32bac00d5cf74","name":"Teresa Mascarenhas","url":"https:\/\/loulecriativo.pt\/pt\/author\/lc_teresam\/"}]}},"_links":{"self":[{"href":"https:\/\/loulecriativo.pt\/pt\/wp-json\/wp\/v2\/posts\/16579","targetHints":{"allow":["GET"]}}],"collection":[{"href":"https:\/\/loulecriativo.pt\/pt\/wp-json\/wp\/v2\/posts"}],"about":[{"href":"https:\/\/loulecriativo.pt\/pt\/wp-json\/wp\/v2\/types\/post"}],"author":[{"embeddable":true,"href":"https:\/\/loulecriativo.pt\/pt\/wp-json\/wp\/v2\/users\/10"}],"replies":[{"embeddable":true,"href":"https:\/\/loulecriativo.pt\/pt\/wp-json\/wp\/v2\/comments?post=16579"}],"version-history":[{"count":6,"href":"https:\/\/loulecriativo.pt\/pt\/wp-json\/wp\/v2\/posts\/16579\/revisions"}],"predecessor-version":[{"id":16605,"href":"https:\/\/loulecriativo.pt\/pt\/wp-json\/wp\/v2\/posts\/16579\/revisions\/16605"}],"wp:featuredmedia":[{"embeddable":true,"href":"https:\/\/loulecriativo.pt\/pt\/wp-json\/wp\/v2\/media\/16598"}],"wp:attachment":[{"href":"https:\/\/loulecriativo.pt\/pt\/wp-json\/wp\/v2\/media?parent=16579"}],"curies":[{"name":"wp","href":"https:\/\/api.w.org\/{rel}","templated":true}]}}