{"id":16613,"date":"2026-04-27T12:53:56","date_gmt":"2026-04-27T12:53:56","guid":{"rendered":"https:\/\/loulecriativo.pt\/?p=16613"},"modified":"2026-04-27T12:54:20","modified_gmt":"2026-04-27T12:54:20","slug":"exposicao-de-ceramica-fragmentos-da-memoria-de-catarina-goncalves-patente-no-palacio-gama-lobo-ate-04-de-julho","status":"publish","type":"post","link":"https:\/\/loulecriativo.pt\/pt\/2026\/04\/27\/exposicao-de-ceramica-fragmentos-da-memoria-de-catarina-goncalves-patente-no-palacio-gama-lobo-ate-04-de-julho\/","title":{"rendered":"Exposi\u00e7\u00e3o de Cer\u00e2mica &#8220;Fragmentos da Mem\u00f3ria&#8221;, de Catarina Gon\u00e7alves, patente no Pal\u00e1cio Gama Lobo, at\u00e9 04 de julho"},"content":{"rendered":"<p class=\"isSelectedEnd\">\u201cFragmentos de Mem\u00f3ria\u201d apresenta-se como uma investiga\u00e7\u00e3o sens\u00edvel sobre o que permanece para al\u00e9m do tempo.<\/p>\n<p class=\"isSelectedEnd\">Nesta exposi\u00e7\u00e3o, o barro transcende a sua condi\u00e7\u00e3o material para se afirmar como um arquivo de afetos, sil\u00eancios e metamorfoses, dando corpo a uma reflex\u00e3o profunda sobre a experi\u00eancia humana.<\/p>\n<p class=\"isSelectedEnd\">Partindo de uma abordagem experimental, Catarina Gon\u00e7alves constr\u00f3i um percurso que oscila entre estrutura e eros\u00e3o, onde cada pe\u00e7a revela a tens\u00e3o entre vulnerabilidade e for\u00e7a. A mat\u00e9ria, moldada pela m\u00e3o e influenciada pelos elementos, torna-se met\u00e1fora do pr\u00f3prio percurso de vida: aquilo que nos forma, nos desgasta e, simultaneamente, nos ensina a reerguer.<\/p>\n<p class=\"isSelectedEnd\">O conjunto expositivo desenvolve-se como um di\u00e1logo entre formas org\u00e2nicas e composi\u00e7\u00f5es geom\u00e9tricas, num exerc\u00edcio de equil\u00edbrio onde o vazio tamb\u00e9m se assume como linguagem. Cada objeto surge como um recet\u00e1culo de hist\u00f3rias, preservando vest\u00edgios f\u00edsicos de uma mem\u00f3ria \u00edntima e transformadora.<\/p>\n<p>Mais do que um conjunto de pe\u00e7as cer\u00e2micas, \u201cFragmentos de Mem\u00f3ria\u201d prop\u00f5e um espa\u00e7o de contempla\u00e7\u00e3o e reflex\u00e3o, convidando o p\u00fablico a reconhecer nos objetos a inscri\u00e7\u00e3o do tempo e da experi\u00eancia, e a revisitar o modo como cada um constr\u00f3i \u2014 e reconstr\u00f3i \u2014 a sua pr\u00f3pria narrativa.<\/p>\n<p>\u2022 Datas: 02 maio a 04 julho<\/p>\n<p>\u2022 Hor\u00e1rios: 09h00\u201318h00 (segunda a sexta-feira ) e 09h00 -13h00 (s\u00e1bado) &#8211; Fecha aos domingos e feriados<\/p>\n<p>A entrada \u00e9 livre.<\/p>\n<div id='gallery-1' class='gallery galleryid-16613 gallery-columns-1 gallery-size-full'><figure class='gallery-item'>\n\t\t\t<div class='gallery-icon portrait'>\n\t\t\t\t<a href='https:\/\/loulecriativo.pt\/pt\/2026\/04\/27\/exposicao-de-ceramica-fragmentos-da-memoria-de-catarina-goncalves-patente-no-palacio-gama-lobo-ate-04-de-julho\/550a0567\/'><img fetchpriority=\"high\" decoding=\"async\" width=\"1708\" height=\"2560\" src=\"https:\/\/loulecriativo.pt\/wp-content\/uploads\/2026\/04\/550A0567-scaled.jpg\" class=\"attachment-full size-full\" alt=\"\" srcset=\"https:\/\/loulecriativo.pt\/wp-content\/uploads\/2026\/04\/550A0567-scaled.jpg 1708w, https:\/\/loulecriativo.pt\/wp-content\/uploads\/2026\/04\/550A0567-200x300.jpg 200w, https:\/\/loulecriativo.pt\/wp-content\/uploads\/2026\/04\/550A0567-683x1024.jpg 683w, https:\/\/loulecriativo.pt\/wp-content\/uploads\/2026\/04\/550A0567-768x1151.jpg 768w, https:\/\/loulecriativo.pt\/wp-content\/uploads\/2026\/04\/550A0567-1025x1536.jpg 1025w, https:\/\/loulecriativo.pt\/wp-content\/uploads\/2026\/04\/550A0567-1366x2048.jpg 1366w\" sizes=\"(max-width: 1708px) 100vw, 1708px\" \/><\/a>\n\t\t\t<\/div><\/figure>\n\t\t<\/div>\n\n","protected":false},"excerpt":{"rendered":"<p>&#8220;Fragmentos de Mem\u00f3ria&#8221;, de Catarina Gon\u00e7alves, inaugura a 30 de abril no Pal\u00e1cio Gama Lobo.<br \/>\nA artista explora o barro como mat\u00e9ria sens\u00edvel, onde se inscrevem mem\u00f3rias, sil\u00eancios e transforma\u00e7\u00f5es.<br \/>\nEntre eros\u00e3o e geometria, as pe\u00e7as revelam um di\u00e1logo entre fragilidade e perman\u00eancia.<br \/>\nPatente de 2 de maio a 4 de julho, a exposi\u00e7\u00e3o convida \u00e0 reflex\u00e3o sobre o tempo e o que deixamos de n\u00f3s em formato de forma.<\/p>\n","protected":false},"author":10,"featured_media":16614,"comment_status":"closed","ping_status":"closed","sticky":false,"template":"","format":"standard","meta":{"_acf_changed":false,"footnotes":""},"class_list":["post-16613","post","type-post","status-publish","format-standard","has-post-thumbnail","hentry"],"acf":[],"yoast_head":"<!-- This site is optimized with the Yoast SEO Premium plugin v25.9 (Yoast SEO v26.5) - https:\/\/yoast.com\/wordpress\/plugins\/seo\/ -->\n<title>Exposi\u00e7\u00e3o de Cer\u00e2mica &quot;Fragmentos da Mem\u00f3ria&quot;, de Catarina Gon\u00e7alves, patente no Pal\u00e1cio Gama Lobo, at\u00e9 04 de julho - Loul\u00e9 Criativo<\/title>\n<meta name=\"robots\" content=\"index, follow, max-snippet:-1, max-image-preview:large, max-video-preview:-1\" \/>\n<link rel=\"canonical\" href=\"https:\/\/loulecriativo.pt\/pt\/2026\/04\/27\/exposicao-de-ceramica-fragmentos-da-memoria-de-catarina-goncalves-patente-no-palacio-gama-lobo-ate-04-de-julho\/\" \/>\n<meta property=\"og:locale\" content=\"pt_PT\" \/>\n<meta property=\"og:type\" content=\"article\" \/>\n<meta property=\"og:title\" content=\"Exposi\u00e7\u00e3o de Cer\u00e2mica &quot;Fragmentos da Mem\u00f3ria&quot;, de Catarina Gon\u00e7alves, patente no Pal\u00e1cio Gama Lobo, at\u00e9 04 de julho\" \/>\n<meta property=\"og:description\" content=\"&quot;Fragmentos de Mem\u00f3ria&quot;, de Catarina Gon\u00e7alves, inaugura a 30 de abril no Pal\u00e1cio Gama Lobo. A artista explora o barro como mat\u00e9ria sens\u00edvel, onde se inscrevem mem\u00f3rias, sil\u00eancios e transforma\u00e7\u00f5es. Entre eros\u00e3o e geometria, as pe\u00e7as revelam um di\u00e1logo entre fragilidade e perman\u00eancia. Patente de 2 de maio a 4 de julho, a exposi\u00e7\u00e3o convida \u00e0 reflex\u00e3o sobre o tempo e o que deixamos de n\u00f3s em formato de forma.\" \/>\n<meta property=\"og:url\" content=\"https:\/\/loulecriativo.pt\/pt\/2026\/04\/27\/exposicao-de-ceramica-fragmentos-da-memoria-de-catarina-goncalves-patente-no-palacio-gama-lobo-ate-04-de-julho\/\" \/>\n<meta property=\"og:site_name\" content=\"Loul\u00e9 Criativo\" \/>\n<meta property=\"article:published_time\" content=\"2026-04-27T12:53:56+00:00\" \/>\n<meta property=\"article:modified_time\" content=\"2026-04-27T12:54:20+00:00\" \/>\n<meta property=\"og:image\" content=\"https:\/\/loulecriativo.pt\/wp-content\/uploads\/2026\/04\/550A0251-scaled.jpg\" \/>\n\t<meta property=\"og:image:width\" content=\"2560\" \/>\n\t<meta property=\"og:image:height\" content=\"1708\" \/>\n\t<meta property=\"og:image:type\" content=\"image\/jpeg\" \/>\n<meta name=\"author\" content=\"Teresa Mascarenhas\" \/>\n<meta name=\"twitter:card\" content=\"summary_large_image\" \/>\n<meta name=\"twitter:label1\" content=\"Written by\" \/>\n\t<meta name=\"twitter:data1\" content=\"Teresa Mascarenhas\" \/>\n\t<meta name=\"twitter:label2\" content=\"Est. reading time\" \/>\n\t<meta name=\"twitter:data2\" content=\"2 minutes\" \/>\n<script type=\"application\/ld+json\" class=\"yoast-schema-graph\">{\"@context\":\"https:\/\/schema.org\",\"@graph\":[{\"@type\":\"WebPage\",\"@id\":\"https:\/\/loulecriativo.pt\/pt\/2026\/04\/27\/exposicao-de-ceramica-fragmentos-da-memoria-de-catarina-goncalves-patente-no-palacio-gama-lobo-ate-04-de-julho\/\",\"url\":\"https:\/\/loulecriativo.pt\/pt\/2026\/04\/27\/exposicao-de-ceramica-fragmentos-da-memoria-de-catarina-goncalves-patente-no-palacio-gama-lobo-ate-04-de-julho\/\",\"name\":\"Exposi\u00e7\u00e3o de Cer\u00e2mica \\\"Fragmentos da Mem\u00f3ria\\\", de Catarina Gon\u00e7alves, patente no Pal\u00e1cio Gama Lobo, at\u00e9 04 de julho - Loul\u00e9 Criativo\",\"isPartOf\":{\"@id\":\"https:\/\/loulecriativo.pt\/pt\/#website\"},\"primaryImageOfPage\":{\"@id\":\"https:\/\/loulecriativo.pt\/pt\/2026\/04\/27\/exposicao-de-ceramica-fragmentos-da-memoria-de-catarina-goncalves-patente-no-palacio-gama-lobo-ate-04-de-julho\/#primaryimage\"},\"image\":{\"@id\":\"https:\/\/loulecriativo.pt\/pt\/2026\/04\/27\/exposicao-de-ceramica-fragmentos-da-memoria-de-catarina-goncalves-patente-no-palacio-gama-lobo-ate-04-de-julho\/#primaryimage\"},\"thumbnailUrl\":\"https:\/\/loulecriativo.pt\/wp-content\/uploads\/2026\/04\/550A0251-scaled.jpg\",\"datePublished\":\"2026-04-27T12:53:56+00:00\",\"dateModified\":\"2026-04-27T12:54:20+00:00\",\"author\":{\"@id\":\"https:\/\/loulecriativo.pt\/pt\/#\/schema\/person\/08d2ca32538d2677b0f32bac00d5cf74\"},\"breadcrumb\":{\"@id\":\"https:\/\/loulecriativo.pt\/pt\/2026\/04\/27\/exposicao-de-ceramica-fragmentos-da-memoria-de-catarina-goncalves-patente-no-palacio-gama-lobo-ate-04-de-julho\/#breadcrumb\"},\"inLanguage\":\"pt\",\"potentialAction\":[{\"@type\":\"ReadAction\",\"target\":[\"https:\/\/loulecriativo.pt\/pt\/2026\/04\/27\/exposicao-de-ceramica-fragmentos-da-memoria-de-catarina-goncalves-patente-no-palacio-gama-lobo-ate-04-de-julho\/\"]}]},{\"@type\":\"ImageObject\",\"inLanguage\":\"pt\",\"@id\":\"https:\/\/loulecriativo.pt\/pt\/2026\/04\/27\/exposicao-de-ceramica-fragmentos-da-memoria-de-catarina-goncalves-patente-no-palacio-gama-lobo-ate-04-de-julho\/#primaryimage\",\"url\":\"https:\/\/loulecriativo.pt\/wp-content\/uploads\/2026\/04\/550A0251-scaled.jpg\",\"contentUrl\":\"https:\/\/loulecriativo.pt\/wp-content\/uploads\/2026\/04\/550A0251-scaled.jpg\",\"width\":2560,\"height\":1708},{\"@type\":\"BreadcrumbList\",\"@id\":\"https:\/\/loulecriativo.pt\/pt\/2026\/04\/27\/exposicao-de-ceramica-fragmentos-da-memoria-de-catarina-goncalves-patente-no-palacio-gama-lobo-ate-04-de-julho\/#breadcrumb\",\"itemListElement\":[{\"@type\":\"ListItem\",\"position\":1,\"name\":\"Home\",\"item\":\"https:\/\/loulecriativo.pt\/pt\/\"},{\"@type\":\"ListItem\",\"position\":2,\"name\":\"Exposi\u00e7\u00e3o de Cer\u00e2mica &#8220;Fragmentos da Mem\u00f3ria&#8221;, de Catarina Gon\u00e7alves, patente no Pal\u00e1cio Gama Lobo, at\u00e9 04 de julho\"}]},{\"@type\":\"WebSite\",\"@id\":\"https:\/\/loulecriativo.pt\/pt\/#website\",\"url\":\"https:\/\/loulecriativo.pt\/pt\/\",\"name\":\"Loul\u00e9 Criativo\",\"description\":\"\",\"potentialAction\":[{\"@type\":\"SearchAction\",\"target\":{\"@type\":\"EntryPoint\",\"urlTemplate\":\"https:\/\/loulecriativo.pt\/pt\/?s={search_term_string}\"},\"query-input\":{\"@type\":\"PropertyValueSpecification\",\"valueRequired\":true,\"valueName\":\"search_term_string\"}}],\"inLanguage\":\"pt\"},{\"@type\":\"Person\",\"@id\":\"https:\/\/loulecriativo.pt\/pt\/#\/schema\/person\/08d2ca32538d2677b0f32bac00d5cf74\",\"name\":\"Teresa Mascarenhas\",\"url\":\"https:\/\/loulecriativo.pt\/pt\/author\/lc_teresam\/\"}]}<\/script>\n<!-- \/ Yoast SEO Premium plugin. -->","yoast_head_json":{"title":"Exposi\u00e7\u00e3o de Cer\u00e2mica \"Fragmentos da Mem\u00f3ria\", de Catarina Gon\u00e7alves, patente no Pal\u00e1cio Gama Lobo, at\u00e9 04 de julho - Loul\u00e9 Criativo","robots":{"index":"index","follow":"follow","max-snippet":"max-snippet:-1","max-image-preview":"max-image-preview:large","max-video-preview":"max-video-preview:-1"},"canonical":"https:\/\/loulecriativo.pt\/pt\/2026\/04\/27\/exposicao-de-ceramica-fragmentos-da-memoria-de-catarina-goncalves-patente-no-palacio-gama-lobo-ate-04-de-julho\/","og_locale":"pt_PT","og_type":"article","og_title":"Exposi\u00e7\u00e3o de Cer\u00e2mica \"Fragmentos da Mem\u00f3ria\", de Catarina Gon\u00e7alves, patente no Pal\u00e1cio Gama Lobo, at\u00e9 04 de julho","og_description":"\"Fragmentos de Mem\u00f3ria\", de Catarina Gon\u00e7alves, inaugura a 30 de abril no Pal\u00e1cio Gama Lobo. A artista explora o barro como mat\u00e9ria sens\u00edvel, onde se inscrevem mem\u00f3rias, sil\u00eancios e transforma\u00e7\u00f5es. Entre eros\u00e3o e geometria, as pe\u00e7as revelam um di\u00e1logo entre fragilidade e perman\u00eancia. Patente de 2 de maio a 4 de julho, a exposi\u00e7\u00e3o convida \u00e0 reflex\u00e3o sobre o tempo e o que deixamos de n\u00f3s em formato de forma.","og_url":"https:\/\/loulecriativo.pt\/pt\/2026\/04\/27\/exposicao-de-ceramica-fragmentos-da-memoria-de-catarina-goncalves-patente-no-palacio-gama-lobo-ate-04-de-julho\/","og_site_name":"Loul\u00e9 Criativo","article_published_time":"2026-04-27T12:53:56+00:00","article_modified_time":"2026-04-27T12:54:20+00:00","og_image":[{"width":2560,"height":1708,"url":"https:\/\/loulecriativo.pt\/wp-content\/uploads\/2026\/04\/550A0251-scaled.jpg","type":"image\/jpeg"}],"author":"Teresa Mascarenhas","twitter_card":"summary_large_image","twitter_misc":{"Written by":"Teresa Mascarenhas","Est. reading time":"2 minutes"},"schema":{"@context":"https:\/\/schema.org","@graph":[{"@type":"WebPage","@id":"https:\/\/loulecriativo.pt\/pt\/2026\/04\/27\/exposicao-de-ceramica-fragmentos-da-memoria-de-catarina-goncalves-patente-no-palacio-gama-lobo-ate-04-de-julho\/","url":"https:\/\/loulecriativo.pt\/pt\/2026\/04\/27\/exposicao-de-ceramica-fragmentos-da-memoria-de-catarina-goncalves-patente-no-palacio-gama-lobo-ate-04-de-julho\/","name":"Exposi\u00e7\u00e3o de Cer\u00e2mica \"Fragmentos da Mem\u00f3ria\", de Catarina Gon\u00e7alves, patente no Pal\u00e1cio Gama Lobo, at\u00e9 04 de julho - Loul\u00e9 Criativo","isPartOf":{"@id":"https:\/\/loulecriativo.pt\/pt\/#website"},"primaryImageOfPage":{"@id":"https:\/\/loulecriativo.pt\/pt\/2026\/04\/27\/exposicao-de-ceramica-fragmentos-da-memoria-de-catarina-goncalves-patente-no-palacio-gama-lobo-ate-04-de-julho\/#primaryimage"},"image":{"@id":"https:\/\/loulecriativo.pt\/pt\/2026\/04\/27\/exposicao-de-ceramica-fragmentos-da-memoria-de-catarina-goncalves-patente-no-palacio-gama-lobo-ate-04-de-julho\/#primaryimage"},"thumbnailUrl":"https:\/\/loulecriativo.pt\/wp-content\/uploads\/2026\/04\/550A0251-scaled.jpg","datePublished":"2026-04-27T12:53:56+00:00","dateModified":"2026-04-27T12:54:20+00:00","author":{"@id":"https:\/\/loulecriativo.pt\/pt\/#\/schema\/person\/08d2ca32538d2677b0f32bac00d5cf74"},"breadcrumb":{"@id":"https:\/\/loulecriativo.pt\/pt\/2026\/04\/27\/exposicao-de-ceramica-fragmentos-da-memoria-de-catarina-goncalves-patente-no-palacio-gama-lobo-ate-04-de-julho\/#breadcrumb"},"inLanguage":"pt","potentialAction":[{"@type":"ReadAction","target":["https:\/\/loulecriativo.pt\/pt\/2026\/04\/27\/exposicao-de-ceramica-fragmentos-da-memoria-de-catarina-goncalves-patente-no-palacio-gama-lobo-ate-04-de-julho\/"]}]},{"@type":"ImageObject","inLanguage":"pt","@id":"https:\/\/loulecriativo.pt\/pt\/2026\/04\/27\/exposicao-de-ceramica-fragmentos-da-memoria-de-catarina-goncalves-patente-no-palacio-gama-lobo-ate-04-de-julho\/#primaryimage","url":"https:\/\/loulecriativo.pt\/wp-content\/uploads\/2026\/04\/550A0251-scaled.jpg","contentUrl":"https:\/\/loulecriativo.pt\/wp-content\/uploads\/2026\/04\/550A0251-scaled.jpg","width":2560,"height":1708},{"@type":"BreadcrumbList","@id":"https:\/\/loulecriativo.pt\/pt\/2026\/04\/27\/exposicao-de-ceramica-fragmentos-da-memoria-de-catarina-goncalves-patente-no-palacio-gama-lobo-ate-04-de-julho\/#breadcrumb","itemListElement":[{"@type":"ListItem","position":1,"name":"Home","item":"https:\/\/loulecriativo.pt\/pt\/"},{"@type":"ListItem","position":2,"name":"Exposi\u00e7\u00e3o de Cer\u00e2mica &#8220;Fragmentos da Mem\u00f3ria&#8221;, de Catarina Gon\u00e7alves, patente no Pal\u00e1cio Gama Lobo, at\u00e9 04 de julho"}]},{"@type":"WebSite","@id":"https:\/\/loulecriativo.pt\/pt\/#website","url":"https:\/\/loulecriativo.pt\/pt\/","name":"Loul\u00e9 Criativo","description":"","potentialAction":[{"@type":"SearchAction","target":{"@type":"EntryPoint","urlTemplate":"https:\/\/loulecriativo.pt\/pt\/?s={search_term_string}"},"query-input":{"@type":"PropertyValueSpecification","valueRequired":true,"valueName":"search_term_string"}}],"inLanguage":"pt"},{"@type":"Person","@id":"https:\/\/loulecriativo.pt\/pt\/#\/schema\/person\/08d2ca32538d2677b0f32bac00d5cf74","name":"Teresa Mascarenhas","url":"https:\/\/loulecriativo.pt\/pt\/author\/lc_teresam\/"}]}},"_links":{"self":[{"href":"https:\/\/loulecriativo.pt\/pt\/wp-json\/wp\/v2\/posts\/16613","targetHints":{"allow":["GET"]}}],"collection":[{"href":"https:\/\/loulecriativo.pt\/pt\/wp-json\/wp\/v2\/posts"}],"about":[{"href":"https:\/\/loulecriativo.pt\/pt\/wp-json\/wp\/v2\/types\/post"}],"author":[{"embeddable":true,"href":"https:\/\/loulecriativo.pt\/pt\/wp-json\/wp\/v2\/users\/10"}],"replies":[{"embeddable":true,"href":"https:\/\/loulecriativo.pt\/pt\/wp-json\/wp\/v2\/comments?post=16613"}],"version-history":[{"count":3,"href":"https:\/\/loulecriativo.pt\/pt\/wp-json\/wp\/v2\/posts\/16613\/revisions"}],"predecessor-version":[{"id":16628,"href":"https:\/\/loulecriativo.pt\/pt\/wp-json\/wp\/v2\/posts\/16613\/revisions\/16628"}],"wp:featuredmedia":[{"embeddable":true,"href":"https:\/\/loulecriativo.pt\/pt\/wp-json\/wp\/v2\/media\/16614"}],"wp:attachment":[{"href":"https:\/\/loulecriativo.pt\/pt\/wp-json\/wp\/v2\/media?parent=16613"}],"curies":[{"name":"wp","href":"https:\/\/api.w.org\/{rel}","templated":true}]}}